{"id":163,"date":"2021-06-17T15:07:13","date_gmt":"2021-06-17T12:07:13","guid":{"rendered":"http:\/\/czyzewski.blog\/?p=163"},"modified":"2021-06-18T13:49:15","modified_gmt":"2021-06-18T10:49:15","slug":"jagiellonska-ojczyzna-to-juz-nie-marzenie","status":"publish","type":"post","link":"https:\/\/czyzewski.blog\/index.php\/2021\/06\/17\/jagiellonska-ojczyzna-to-juz-nie-marzenie\/","title":{"rendered":"Jagiello\u0144ska Ojczyzna &#8211; To ju\u017c nie tylko marzenie\u2026"},"content":{"rendered":"\n<p>Wiele lat temu Jerzy Giedroy\u0107 wypowiedzia\u0142 s\u0142ynn\u0105 my\u015bl o \u201edw\u00f3ch trumnach\u201d (Pi\u0142sudskiego i Dmowskiego), \u201ekt\u00f3re rz\u0105dz\u0105 Polsk\u0105\u201d. Oczywi\u015bcie, zdanie to mo\u017cna odczytywa\u0107 jako konstatacje zap\u00f3\u017anienia polskiej polityki, albo wskazywa\u0107 na jakie\u015b inne r\u00f3\u017cnice mi\u0119dzy Pi\u0142sudskim i Dmowskim &#8211; jednak dla mnie jest ono symbolem nieredukowalnych wzajemnie do siebie typ\u00f3w polsko\u015bci. W ramach tych dw\u00f3ch wizji polsko\u015bci ja wybieram t\u0119 \u201ejagiello\u0144sk\u0105\u201d. Jest to wizja bliskiej wsp\u00f3\u0142pracy kraj\u00f3w tworz\u0105cych I Rzeczpospolit\u0105, odbudowy wi\u0119zi mi\u0119dzy nimi i odbudowy wsp\u00f3lnej przestrzeni kultury.<\/p>\n\n\n\n<p><strong>\u201eJagiello\u0144skiej Ojczy\u017anie\u201d postanowi\u0142em po\u015bwi\u0119ci\u0107 nieco uwagi patrz\u0105c na ni\u0105 pod r\u00f3\u017cnymi k\u0105tami. Zwa\u017cywszy, \u017ce te refleksje daleko wykraczaj\u0105 poza wpisy na Facebooku postanowi\u0142em zrobi\u0107 z tego kilka tekst\u00f3w na blogu. Zapraszam<\/strong><\/p>\n\n\n\n<p><strong>1. To ju\u017c nie tylko marzenie&#8230;<\/strong><\/p>\n\n\n\n<p>Przez wiek XIX i pocz\u0105tek XX, \u201eJagiello\u0144ska tradycja\u201d by\u0142a tylko marzeniem \u2013 polskim marzeniem (a precyzyjniej: marzeniem niekt\u00f3rych Polak\u00f3w). Nic na ni\u0105 nie wskazywa\u0142o: brak by\u0142o silnych partner\u00f3w na wschodzie, brak odpowiednich warunk\u00f3w w szerszym kontek\u015bcie mi\u0119dzynarodowym. Pomimo mojej niezgody z my\u015bl\u0105 Romana Dmowskiego (kt\u00f3rego mo\u017cemy uzna\u0107 za symboliczny biegun przeciwny do &#8222;Jagiello\u0144skiej tradycji&#8221;), w jednym miejscu widzia\u0142em jej ogromn\u0105 si\u0142\u0119. By\u0142a to si\u0142a realizmu w polityce, albo przynajmniej si\u0142a  poszukiwania tego\u017c realizmu. Swoje w\u0142asne sympatie traktowa\u0142em jak marzenie w\u0142a\u015bnie \u2013 tyle pi\u0119kne co nierealne. \u00a0\u00a0\u00a0<\/p>\n\n\n\n<figure class=\"wp-block-image size-large is-resized\"><img loading=\"lazy\" decoding=\"async\" src=\"http:\/\/czyzewski.blog\/wp-content\/uploads\/2021\/06\/Bez-nazwy.jpg\" alt=\"\" class=\"wp-image-165\" width=\"672\" height=\"879\" srcset=\"https:\/\/czyzewski.blog\/wp-content\/uploads\/2021\/06\/Bez-nazwy.jpg 328w, https:\/\/czyzewski.blog\/wp-content\/uploads\/2021\/06\/Bez-nazwy-229x300.jpg 229w\" sizes=\"auto, (max-width: 672px) 100vw, 672px\" \/><\/figure>\n\n\n\n<p>Od ko\u0144ca XX wieku \u015bwiat si\u0119 jednak zmieni\u0142. Najwa\u017cniejszym czynnikiem sta\u0142 si\u0119 powr\u00f3t rosyjskiego imperializmu i to powr\u00f3t w agresywnym jego wydaniu. Wsp\u00f3\u0142czesny l\u0119k przed Rosj\u0105 stopniowo spycha\u0142 na margines naturaln\u0105 w\u015br\u00f3d naszych s\u0105siad\u00f3w ze wschodu nieufno\u015b\u0107 wobec Polski. We w\u0142asnych niepodleg\u0142ych pa\u0144stwach wyrasta\u0142o nowe pokolenie,   patrz\u0105ce na spu\u015bcizn\u0119 I Rzeczpospolitej w spos\u00f3b inny ni\u017c sowiecka propaganda i inny ni\u017c w\u0142asna, nacjonalistyczna tradycja.<\/p>\n\n\n\n<p>Zmienili\u015bmy si\u0119 te\u017c my &#8211; Polacy. Cz\u0119\u015b\u0107 rodak\u00f3w dostrzeg\u0142a w\u015br\u00f3d naszych europejskich partner\u00f3w egoizm w polityce i pogo\u0144 za skrajnie lewicow\u0105 ideologi\u0105. To w po\u0142\u0105czeniu ze sta\u0142ym nadrabianiem polskiego zap\u00f3\u017anienia ekonomicznego wobec europejskiego centrum, wywo\u0142a\u0142o ch\u0119\u0107 odgrywania bardziej samodzielnej roli, a ramach tego trzeba by\u0142o rozgl\u0105da\u0107 si\u0119 za sojusznikami na wschodzie.<\/p>\n\n\n\n<p>Egoizm zachodu i agresywno\u015b\u0107 Rosji popychaj\u0105 ku sobie to co le\u017c mi\u0119dzy nimi. M\u00f3wi\u0105c symbolicznie: Nord Stream 2 \u0142\u0105czy Niemcy i Rosj\u0119, ale &#8211; co paradoksalne \u2013 \u0142\u0105czy te\u017c nas: Polsk\u0119, Ukrain\u0119 i Kraje Ba\u0142tyckie, \u0142\u0105czy nas w poczuciu zagro\u017cenia i w sprzeciwie wobec tej inicjatywy. <\/p>\n\n\n\n<p><strong>Stare marzenie o \u201eJagiello\u0144skiej Ojczy\u017anie\u201d okaza\u0142o si\u0119 raptem osi\u0105 naszego realizmu. Marzeniem (nie zaprzeczam, \u017ce pi\u0119knym) jest dzi\u015b wiara w altruizm naszych zachodnioeuropejskich partner\u00f3w.<\/strong><\/p>\n\n\n\n<p>Oczywi\u015bcie Polak\u00f3w dotykaj\u0105 wszystkie problemy wsp\u00f3\u0142czesno\u015bci. Na najprostszym poziomie mo\u017cna powiedzie\u0107, \u017ce aby Polsk\u0105 rz\u0105dzi\u0142y \u201edwie trumny\u201d to trzeba kojarzy\u0107 kto w nich jest pochowany, a z wiedz\u0105 bywa coraz powa\u017cniejszy k\u0142opot. Nie wykluczone, \u017ce my Polacy wybierzemy radosny \u015bwiat konsumpcji (mi przypominaj\u0105cy raczej orkiestr\u0119 graj\u0105c\u0105 na ton\u0105cym \u201eTitanicu\u201d). Je\u015bli jednak postanowimy powa\u017cnie spojrze\u0107 na rzeczywisto\u015b\u0107 to dostrze\u017cemy, \u017ce stare marzenia musimy dzi\u015b wybra\u0107 z pragmatycznego punktu widzenia.<\/p>\n","protected":false},"excerpt":{"rendered":"<p>Wiele lat temu Jerzy Giedroy\u0107 wypowiedzia\u0142 s\u0142ynn\u0105 my\u015bl o \u201edw\u00f3ch trumnach\u201d (Pi\u0142sudskiego i Dmowskiego), \u201ekt\u00f3re rz\u0105dz\u0105 Polsk\u0105\u201d. Oczywi\u015bcie, zdanie to mo\u017cna odczytywa\u0107 jako konstatacje zap\u00f3\u017anienia polskiej polityki, albo wskazywa\u0107 na jakie\u015b inne r\u00f3\u017cnice mi\u0119dzy Pi\u0142sudskim i Dmowskim &#8211; jednak dla mnie jest ono symbolem nieredukowalnych wzajemnie do siebie typ\u00f3w polsko\u015bci. W ramach tych dw\u00f3ch wizji &hellip; <\/p>\n<p class=\"link-more\"><a href=\"https:\/\/czyzewski.blog\/index.php\/2021\/06\/17\/jagiellonska-ojczyzna-to-juz-nie-marzenie\/\" class=\"more-link\">Czytaj dalej<span class=\"screen-reader-text\"> \u201eJagiello\u0144ska Ojczyzna &#8211; To ju\u017c nie tylko marzenie\u2026\u201d<\/span><\/a><\/p>\n","protected":false},"author":1,"featured_media":0,"comment_status":"open","ping_status":"open","sticky":false,"template":"","format":"standard","meta":{"footnotes":""},"categories":[7],"tags":[],"class_list":["post-163","post","type-post","status-publish","format-standard","hentry","category-jagiellonska-ojczyzna"],"_links":{"self":[{"href":"https:\/\/czyzewski.blog\/index.php\/wp-json\/wp\/v2\/posts\/163","targetHints":{"allow":["GET"]}}],"collection":[{"href":"https:\/\/czyzewski.blog\/index.php\/wp-json\/wp\/v2\/posts"}],"about":[{"href":"https:\/\/czyzewski.blog\/index.php\/wp-json\/wp\/v2\/types\/post"}],"author":[{"embeddable":true,"href":"https:\/\/czyzewski.blog\/index.php\/wp-json\/wp\/v2\/users\/1"}],"replies":[{"embeddable":true,"href":"https:\/\/czyzewski.blog\/index.php\/wp-json\/wp\/v2\/comments?post=163"}],"version-history":[{"count":11,"href":"https:\/\/czyzewski.blog\/index.php\/wp-json\/wp\/v2\/posts\/163\/revisions"}],"predecessor-version":[{"id":178,"href":"https:\/\/czyzewski.blog\/index.php\/wp-json\/wp\/v2\/posts\/163\/revisions\/178"}],"wp:attachment":[{"href":"https:\/\/czyzewski.blog\/index.php\/wp-json\/wp\/v2\/media?parent=163"}],"wp:term":[{"taxonomy":"category","embeddable":true,"href":"https:\/\/czyzewski.blog\/index.php\/wp-json\/wp\/v2\/categories?post=163"},{"taxonomy":"post_tag","embeddable":true,"href":"https:\/\/czyzewski.blog\/index.php\/wp-json\/wp\/v2\/tags?post=163"}],"curies":[{"name":"wp","href":"https:\/\/api.w.org\/{rel}","templated":true}]}}