{"id":219,"date":"2021-12-13T14:38:31","date_gmt":"2021-12-13T11:38:31","guid":{"rendered":"http:\/\/czyzewski.blog\/?p=219"},"modified":"2022-06-08T08:23:27","modified_gmt":"2022-06-08T05:23:27","slug":"noc-grudniowa-noc-listopadowa","status":"publish","type":"post","link":"https:\/\/czyzewski.blog\/index.php\/2021\/12\/13\/noc-grudniowa-noc-listopadowa\/","title":{"rendered":"Noc Grudniowa \u2026 Noc Listopadowa\u2026"},"content":{"rendered":"\n<p>Do wydarze\u0144 13 grudnia 1981 roku mam stosunek osobisty. Wtedy, 40 lat temu by\u0142em nastolatkiem. Dorasta\u0142em w Stanie Wojennym. Nie ma w tym mojej zas\u0142ugi, jest raczej rodzaj historycznego przypadku, ale moja m\u0142odo\u015b\u0107 sta\u0142a si\u0119 m\u0142odo\u015bci\u0105 demonstracji, ulotek, mszy za Ojczyzn\u0119, podziemnych wydawnictw\u2026<\/p>\n\n\n\n<p>Prawdopodobnie ta przesz\u0142o\u015b\u0107 pchn\u0119\u0142a mnie potem w kierunku radykalnego antykomunizmu lat 90-tych &#8211; ju\u017c w czasach III RP. Wraz z Lig\u0105 Republika\u0144sk\u0105 protestowali\u015bmy corocznie w \u201eGrudniow\u0105 Noc\u201d pod domem Jaruzelskiego \u017c\u0105daj\u0105c rozliczenia komunistycznych zbrodni. Mam teraz wiele uwag do filmu \u201eNoc z genera\u0142em\u201d, ale jest on pewnym dokumentem naszych dzia\u0142a\u0144 i kilkakrotnie m\u00f3wi\u0142em w nim rzeczy z kt\u00f3rymi i dzi\u015b bym si\u0119 zgodzi\u0142 .<\/p>\n\n\n\n<figure class=\"wp-block-image size-large\"><img loading=\"lazy\" decoding=\"async\" width=\"1024\" height=\"576\" src=\"http:\/\/czyzewski.blog\/wp-content\/uploads\/2021\/12\/image-1024x576.png\" alt=\"\" class=\"wp-image-220\" srcset=\"https:\/\/czyzewski.blog\/wp-content\/uploads\/2021\/12\/image-1024x576.png 1024w, https:\/\/czyzewski.blog\/wp-content\/uploads\/2021\/12\/image-300x169.png 300w, https:\/\/czyzewski.blog\/wp-content\/uploads\/2021\/12\/image-768x432.png 768w, https:\/\/czyzewski.blog\/wp-content\/uploads\/2021\/12\/image-1536x864.png 1536w, https:\/\/czyzewski.blog\/wp-content\/uploads\/2021\/12\/image.png 1920w\" sizes=\"auto, (max-width: 767px) 89vw, (max-width: 1000px) 54vw, (max-width: 1071px) 543px, 580px\" \/><\/figure>\n\n\n\n<p>Teraz jestem daleko od Warszawy, ale stawiaj\u0105c \u015bwiec\u0119 w oknie mam poczucie kontynuacji &#8211; chocia\u017c kontaktu z przyjaci\u00f3\u0142mi z tamtych lat brakuje mi &#8230;<\/p>\n\n\n\n<p><strong>Kiedy dzi\u015b my\u015bl\u0119 o Grudniowej Nocy 13 grudnia 1981, to uderza mnie antysymetria z Noc\u0105 Listopadow\u0105 z 1830 roku.<\/strong><\/p>\n\n\n\n<p>Ch\u0119tnie m\u00f3wimy o \u201enarodowej niewoli\u201d, jednak w rzeczywisto\u015bci sprawa jest zawsze bardziej z\u0142o\u017cona. Zale\u017cno\u015b\u0107 Ojczyzny bywa mniejsza lub wi\u0119ksza, a zdrajcy maj\u0105 swoje &#8211; niekiedy powa\u017cne -argumenty (co nie znaczy, \u017ce maj\u0105 racj\u0119).<\/p>\n\n\n\n<p>Zar\u00f3wno lata 1815-30, jak i 1944-1989 to czas cz\u0119\u015bciowej suwerenno\u015bci. Mieli\u015bmy wtedy w\u0142asne prawa, o\u015bwiat\u0119, monet\u0119 i bud\u017cet. By\u0142o te\u017c z\u0142o\u017cone z Polak\u00f3w wojsko, nazywane wojskiem polskim (cho\u0107 by\u0107 mo\u017ce nale\u017ca\u0142oby napisa\u0107 \u201epolskim\u201d). Pami\u0119tam tekst wojskowej przysi\u0119gi kt\u00f3r\u0105 musia\u0142em sk\u0142ada\u0107 (bodaj w 1986 roku). By\u0142o tam mi\u0119dzy innymi:<\/p>\n\n\n\n<p>\u201e\u2026sta\u0107 nieugi\u0119cie na stra\u017cy pokoju w braterskim przymierzu z Armi\u0105 Radzieck\u0105 i innymi sojuszniczymi armiami\u2026\u201d<\/p>\n\n\n\n<p>Polacy s\u0142u\u017c\u0105cy w armii w latach 1815-30 sk\u0142adali przysi\u0119g\u0119 wierno\u015bci  bratu cara Aleksandra I (je\u015bli si\u0119 nie myl\u0119). Polsko\u015b\u0107 i Polacy w obu przypadkach zostali sprowadzeni do roli imperialnej marchii.<\/p>\n\n\n\n<div class=\"wp-block-columns is-layout-flex wp-container-core-columns-is-layout-9d6595d7 wp-block-columns-is-layout-flex\">\n<div class=\"wp-block-column is-layout-flow wp-block-column-is-layout-flow\"><div class=\"wp-block-image\">\n<figure class=\"aligncenter size-large is-resized\"><img loading=\"lazy\" decoding=\"async\" src=\"http:\/\/czyzewski.blog\/wp-content\/uploads\/2021\/12\/0b.jpg\" alt=\"\" class=\"wp-image-221\" width=\"298\" height=\"404\" srcset=\"https:\/\/czyzewski.blog\/wp-content\/uploads\/2021\/12\/0b.jpg 590w, https:\/\/czyzewski.blog\/wp-content\/uploads\/2021\/12\/0b-221x300.jpg 221w\" sizes=\"auto, (max-width: 298px) 100vw, 298px\" \/><figcaption>Konstanty Paw\u0142owicz Romanow<\/figcaption><\/figure>\n<\/div><\/div>\n\n\n\n<div class=\"wp-block-column is-layout-flow wp-block-column-is-layout-flow\"><div class=\"wp-block-image\">\n<figure class=\"aligncenter size-large is-resized\"><img loading=\"lazy\" decoding=\"async\" src=\"http:\/\/czyzewski.blog\/wp-content\/uploads\/2021\/12\/0a-1.jpg\" alt=\"\" class=\"wp-image-223\" width=\"410\" height=\"410\" srcset=\"https:\/\/czyzewski.blog\/wp-content\/uploads\/2021\/12\/0a-1.jpg 305w, https:\/\/czyzewski.blog\/wp-content\/uploads\/2021\/12\/0a-1-300x300.jpg 300w, https:\/\/czyzewski.blog\/wp-content\/uploads\/2021\/12\/0a-1-150x150.jpg 150w, https:\/\/czyzewski.blog\/wp-content\/uploads\/2021\/12\/0a-1-100x100.jpg 100w\" sizes=\"auto, (max-width: 410px) 100vw, 410px\" \/><figcaption>Wojciech Jaruzelski<\/figcaption><\/figure>\n<\/div><\/div>\n<\/div>\n\n\n\n<p><strong>Tu jednak podobie\u0144stwa si\u0119 ko\u0144cz\u0105. W &#8222;Noc Listopadow\u0105&#8221; 1830 owa armia zbuntowa\u0142a si\u0119, w &#8222;Noc Grudniow\u0105&#8221; 1981 pozosta\u0142a wierna swojemu moskiewskiemu mocodawcy &#8211; Ha\u0144ba czas\u00f3w wsp\u00f3\u0142czesnych<\/strong>\u2026<\/p>\n\n\n\n<p>Trzeba jednak pami\u0119ta\u0107, \u017ce w 1830 roku spora grupa oficer\u00f3w pozosta\u0142a carowi wierna (co przep\u0142aci\u0142a \u017cyciem), a wi\u0119kszo\u015b\u0107 oddzia\u0142\u00f3w zachowa\u0142a si\u0119 neutralnie. Z drugiej strony Jaruzelski mia\u0142 co\u015b czego nie posiada\u0142 Wielki Ksi\u0105\u017ce Konstanty Paw\u0142owicz &#8211; Jaruzelski mia\u0142 ZOMO. W 1981 roku, Ludowe Wojsko Polskie wyst\u0105pi\u0142o najcz\u0119\u015bciej jedynie w formie statysty. Gdyby protesty by\u0142y na tak\u0105 skal\u0119, \u017ce ZOMO by\u0142oby zbyt s\u0142abe i gdyby Jaruzelski spr\u00f3bowa\u0142 masowego u\u017cycia wojska to mog\u0142o by\u0107 r\u00f3\u017cnie&#8230; <\/p>\n\n\n\n<p>Mo\u017ce wi\u0119c nie byli\u015bmy a\u017c tak daleko od wypadk\u00f3w sprzed p\u00f3\u0142tora wieku. R\u00f3\u017cnica polega na czy innym. W czasie Powstania Listopadowego te oddzia\u0142y kt\u00f3re by\u0142y wierne Konstantemu, wzgl\u0119dnie szybko wr\u00f3ci\u0142y do Warszawy. Przyj\u0119te by\u0142y gorzej ni\u017c ch\u0142odno, ale potem, mia\u0142y szans\u0119 bitewnym bohaterstwem odkupi\u0107 \u201eniew\u0142a\u015bciwy wyb\u00f3r\u201d w &#8222;Listopadow\u0105 Noc&#8221;. Inaczej by\u0142o z tymi, kt\u00f3rzy wybrali wierno\u015b\u0107 promoskiewskiej dyktaturze Wojciecha Jaruzelskiego &#8211; potem przez szereg lat bronili swoich biografii, powoduj\u0105c chaos moralny w interpretacji historii. To r\u00f3wnie\u017c dlatego, do dzi\u015b, musimy g\u0142o\u015bno i po imieniu nazywa\u0107 bohaterstwo i zdrad\u0119 nocy 12\/13 grudnia 1981 roku. Musimy to robi\u0107 dla naszej przysz\u0142o\u015bci.<\/p>\n","protected":false},"excerpt":{"rendered":"<p>Do wydarze\u0144 13 grudnia 1981 roku mam stosunek osobisty. Wtedy, 40 lat temu by\u0142em nastolatkiem. Dorasta\u0142em w Stanie Wojennym. Nie ma w tym mojej zas\u0142ugi, jest raczej rodzaj historycznego przypadku, ale moja m\u0142odo\u015b\u0107 sta\u0142a si\u0119 m\u0142odo\u015bci\u0105 demonstracji, ulotek, mszy za Ojczyzn\u0119, podziemnych wydawnictw\u2026 Prawdopodobnie ta przesz\u0142o\u015b\u0107 pchn\u0119\u0142a mnie potem w kierunku radykalnego antykomunizmu lat 90-tych &hellip; <\/p>\n<p class=\"link-more\"><a href=\"https:\/\/czyzewski.blog\/index.php\/2021\/12\/13\/noc-grudniowa-noc-listopadowa\/\" class=\"more-link\">Czytaj dalej<span class=\"screen-reader-text\"> \u201eNoc Grudniowa \u2026 Noc Listopadowa\u2026\u201d<\/span><\/a><\/p>\n","protected":false},"author":1,"featured_media":0,"comment_status":"open","ping_status":"open","sticky":false,"template":"","format":"standard","meta":{"footnotes":""},"categories":[1],"tags":[],"class_list":["post-219","post","type-post","status-publish","format-standard","hentry","category-uncategorized"],"_links":{"self":[{"href":"https:\/\/czyzewski.blog\/index.php\/wp-json\/wp\/v2\/posts\/219","targetHints":{"allow":["GET"]}}],"collection":[{"href":"https:\/\/czyzewski.blog\/index.php\/wp-json\/wp\/v2\/posts"}],"about":[{"href":"https:\/\/czyzewski.blog\/index.php\/wp-json\/wp\/v2\/types\/post"}],"author":[{"embeddable":true,"href":"https:\/\/czyzewski.blog\/index.php\/wp-json\/wp\/v2\/users\/1"}],"replies":[{"embeddable":true,"href":"https:\/\/czyzewski.blog\/index.php\/wp-json\/wp\/v2\/comments?post=219"}],"version-history":[{"count":8,"href":"https:\/\/czyzewski.blog\/index.php\/wp-json\/wp\/v2\/posts\/219\/revisions"}],"predecessor-version":[{"id":330,"href":"https:\/\/czyzewski.blog\/index.php\/wp-json\/wp\/v2\/posts\/219\/revisions\/330"}],"wp:attachment":[{"href":"https:\/\/czyzewski.blog\/index.php\/wp-json\/wp\/v2\/media?parent=219"}],"wp:term":[{"taxonomy":"category","embeddable":true,"href":"https:\/\/czyzewski.blog\/index.php\/wp-json\/wp\/v2\/categories?post=219"},{"taxonomy":"post_tag","embeddable":true,"href":"https:\/\/czyzewski.blog\/index.php\/wp-json\/wp\/v2\/tags?post=219"}],"curies":[{"name":"wp","href":"https:\/\/api.w.org\/{rel}","templated":true}]}}