{"id":239,"date":"2022-03-20T14:12:45","date_gmt":"2022-03-20T11:12:45","guid":{"rendered":"http:\/\/czyzewski.blog\/?p=239"},"modified":"2022-06-08T08:19:36","modified_gmt":"2022-06-08T05:19:36","slug":"przeciw-koalicji-agentow-pozytecznych-idiotow-oraz-ludzi-z-niepelna-formacja-kulturowa","status":"publish","type":"post","link":"https:\/\/czyzewski.blog\/index.php\/2022\/03\/20\/przeciw-koalicji-agentow-pozytecznych-idiotow-oraz-ludzi-z-niepelna-formacja-kulturowa\/","title":{"rendered":"Przeciw koalicji agent\u00f3w, po\u017cytecznych idiot\u00f3w, oraz ludzi z niepe\u0142n\u0105 formacj\u0105 kulturow\u0105"},"content":{"rendered":"\n<figure class=\"wp-block-pullquote has-vivid-cyan-blue-color has-text-color\"><blockquote><p><strong>Si\u0142a polskiego poparcia dla Ukrainy wynika (&#8230;)  z naszego stosunku do Rosji i Rosjan (&#8230;)<\/strong>. <strong>W g\u0142\u0119bokim sensie tego s\u0142owa Polacy s\u0105 \u201enie-Rosjanami\u201d.<\/strong><\/p><\/blockquote><\/figure>\n\n\n\n<p class=\"has-drop-cap\">Mimo powszechno\u015bci krytyki tego, co robi wsp\u00f3\u0142czesna Rosja, co prawda niekiedy (w bezpo\u015bredniej dyskusji, czy pod postem) w naszym polskim \u015brodowisku, pojawia si\u0119 g\u0142os dysonansu. Jaka\u015b obrona Rosji, jakie\u015b w\u0105tpliwo\u015bci. Brzmi to jednak jak fa\u0142szywa nuta w symfonii&#8230;<br><br>Si\u0142a polskiego poparcia dla Ukrainy wynika z zsumowania kilku fundamentalnych czynnik\u00f3w.<br><br>Po pierwsze, z og\u00f3lno\u015bwiatowego oburzenia na niesprowokowan\u0105 agresj\u0119 mocarstwa na s\u0142absze pa\u0144stwo.<br><br>Po drugie, z poczucia blisko\u015bci geograficznej i ludzkiej (to tu\u017c za miedz\u0105 &#8211; u s\u0105siad\u00f3w, to ludzie podobni do nas, kt\u00f3rych dobrze znamy \u2013 setki tysi\u0119cy migrant\u00f3w z Ukrainy w ci\u0105gu ostatnich lat przewin\u0119\u0142y si\u0119 przez Polsk\u0119).<br><br>Po trzecie, z l\u0119ku o nas samych &#8211; wszak wszystko wskazuje na to, \u017ce mo\u017cemy by\u0107 nast\u0119pni w kolejce.<br><br>Po czwarte jednak, z naszego stosunku do Rosji i Rosjan \u2013 i tu chcia\u0142bym si\u0119 zatrzyma\u0107.<br><\/p>\n\n\n\n<p class=\"has-drop-cap\"> Wybaczcie mi domowy wyk\u0142ad dialektyki, ale w opisie siebie samego \u2013 tak indywidualnie jak i zbiorowo, to kim jeste\u015bmy, okre\u015blane jest przez wyra\u017ane wskazywanie przeciwnego bieguna \u2013 kim nie jeste\u015bmy (\u201eto nie ja\u201d, \u201eto nie my\u201d). Ka\u017cda to\u017csamo\u015b\u0107 jest tak zbudowana. W g\u0142\u0119bokim sensie tego s\u0142owa Polacy s\u0105 \u201enie-Rosjanami\u201d.<\/p>\n\n\n\n<figure class=\"wp-block-image size-full\"><img loading=\"lazy\" decoding=\"async\" width=\"790\" height=\"1024\" src=\"http:\/\/czyzewski.blog\/wp-content\/uploads\/2022\/03\/2-1.jpg\" alt=\"\" class=\"wp-image-249\" srcset=\"https:\/\/czyzewski.blog\/wp-content\/uploads\/2022\/03\/2-1.jpg 790w, https:\/\/czyzewski.blog\/wp-content\/uploads\/2022\/03\/2-1-231x300.jpg 231w, https:\/\/czyzewski.blog\/wp-content\/uploads\/2022\/03\/2-1-768x995.jpg 768w\" sizes=\"auto, (max-width: 767px) 89vw, (max-width: 1000px) 54vw, (max-width: 1071px) 543px, 580px\" \/><\/figure>\n\n\n\n<p><br>W okresie I Rzeczpospolitej szlachecka wolno\u015b\u0107 by\u0142a przeciwstawiana \u201emoskiewskiemu despotyzmowi\u201d. W XIX wieku, kiedy nowoczesna to\u017csamo\u015b\u0107 narodowa nabiera\u0142a kszta\u0142tu, to nasza walka o niepodleg\u0142o\u015b\u0107 by\u0142a walk\u0105 nie tylko o oderwanie si\u0119 od rosyjskiego imperium, ale i o przeciwstawny do rosyjskiego model pa\u0144stwa \u2013 obywatele zamiast poddanych. Taki obraz zosta\u0142 utrwalony w kanonie literatury, w malarstwie i pie\u015bni. Utrwalono go w dwudziestoleciu mi\u0119dzywojennym. Przeniesiono na pokolenie \u201eKolumb\u00f3w\u201d.<br><br>Pozw\u00f3lcie cytat:<\/p>\n\n\n\n<blockquote class=\"wp-block-quote is-layout-flow wp-block-quote-is-layout-flow\"><p><br>\u201e&#8230;Kto powiedzia\u0142, \u017ce Moskale<br>Cnymi bra\u0107mi s\u0105 Lechit\u00f3w,<br>Temu pierwszy w \u0142eb wypal\u0119<br>Przed ko\u015bcio\u0142em Karmelit\u00f3w;<br>Kto nie uczu\u0142 w gnu\u015bnym bycie<br>Naszych kajdan, praw zniewagi,<br>To jak zdrajcy wydr\u0119 \u017cycie<br>Na niemszczonych ko\u015bciach Pragi&#8230;\u201d<\/p><\/blockquote>\n\n\n\n<div class=\"wp-block-columns is-layout-flex wp-container-core-columns-is-layout-9d6595d7 wp-block-columns-is-layout-flex\">\n<div class=\"wp-block-column is-layout-flow wp-block-column-is-layout-flow\" style=\"flex-basis:100%\">\n<figure class=\"wp-block-gallery has-nested-images columns-default is-cropped wp-block-gallery-1 is-layout-flex wp-block-gallery-is-layout-flex\">\n<figure class=\"wp-block-image size-large is-resized\"><img loading=\"lazy\" decoding=\"async\" data-id=\"250\" src=\"http:\/\/czyzewski.blog\/wp-content\/uploads\/2022\/03\/4-1-754x1024.jpg\" alt=\"\" class=\"wp-image-250\" width=\"315\" height=\"428\" srcset=\"https:\/\/czyzewski.blog\/wp-content\/uploads\/2022\/03\/4-1-754x1024.jpg 754w, https:\/\/czyzewski.blog\/wp-content\/uploads\/2022\/03\/4-1-221x300.jpg 221w, https:\/\/czyzewski.blog\/wp-content\/uploads\/2022\/03\/4-1-768x1043.jpg 768w, https:\/\/czyzewski.blog\/wp-content\/uploads\/2022\/03\/4-1.jpg 960w\" sizes=\"auto, (max-width: 315px) 100vw, 315px\" \/><\/figure>\n\n\n\n<figure class=\"wp-block-image size-large\"><img loading=\"lazy\" decoding=\"async\" width=\"750\" height=\"1008\" data-id=\"251\" src=\"http:\/\/czyzewski.blog\/wp-content\/uploads\/2022\/03\/3-1.jpg\" alt=\"\" class=\"wp-image-251\" srcset=\"https:\/\/czyzewski.blog\/wp-content\/uploads\/2022\/03\/3-1.jpg 750w, https:\/\/czyzewski.blog\/wp-content\/uploads\/2022\/03\/3-1-223x300.jpg 223w\" sizes=\"auto, (max-width: 706px) 89vw, (max-width: 767px) 82vw, 740px\" \/><\/figure>\n<\/figure>\n<\/div>\n<\/div>\n\n\n\n<p>Polsko\u015b\u0107 to jest ten projekt. M\u00f3g\u0142 by\u0107 inny, ale jest taki. <\/p>\n\n\n\n<p>Oczywi\u015bcie na jego obrze\u017cach trwa\u0142a dyskusja. <\/p>\n\n\n\n<p>Wa\u017cny w polsko\u015bci jest te\u017c stosunek do drugiego s\u0105siada \u2013 Niemc\u00f3w. Jednak ten ostatni mia\u0142 znaczenie proporcjonalnie mniejsze \u2013 przecie\u017c nawet II Wojna \u015awiatowa to dla nas te\u017c \u201e17 wrze\u015bnia\u201d i \u201eKaty\u0144\u201d. Niepowodzenia propagandowe komunizmu, czy tradycyjnej my\u015bli \u201eendeckiej\u201d, mia\u0142y u swoich podstaw \u201erusofilstwo\u201d, tak sprzeczne z ukszta\u0142towan\u0105 ju\u017c polsko\u015bci\u0105.<br><br>Sk\u0105d si\u0119 wi\u0119c bior\u0105 w Polsce owi \u201eobro\u0144cy\u201d Rosji (na szcz\u0119\u015bcie jest ich \u015bladowa ilo\u015b\u0107 &#8211; nie powiem: liczba)? <\/p>\n\n\n\n<p class=\"has-drop-cap\">S\u0105 to dwie grupy.<br><br>Pierwsza z nich instynktownie odczuwa, \u017ce antyrosyjsko\u015b\u0107 to wzmo\u017cenie klasycznego patriotyzmu, tak znienawidzonego przez r\u00f3\u017cnej ma\u015bci postnowoczesno\u015b\u0107. Ca\u0142y model ich \u015bwiata zostaje uniewa\u017cniony na poziomie realnych wydarze\u0144 za granic\u0105 i na poziomie \u015bwiadomo\u015bci spo\u0142ecze\u0144stwa. To z tej grupy p\u0142yn\u0105 has\u0142a redukuj\u0105ce odpowiedzialno\u015b\u0107 za wojn\u0119 do osoby samego w\u0142odarza Kremla.<br><br>Druga grupa to ludzie uwa\u017caj\u0105cy sami siebie za ultra patriot\u00f3w.<br>Bior\u0105 swoje rusofilstwo z historycznej niech\u0119ci do ukrai\u0144sko\u015bci. Wielko\u015b\u0107 polskiej flagi jak\u0105 wymachuj\u0105 rekompensuje im brak refleksji nad tym, czym jest polsko\u015b\u0107. \u015awiadomo\u015b\u0107 tego, czym realnie by\u0142a I Rzeczpospolita jest w tym \u015brodowisku nieobecna. Uwa\u017caj\u0105 si\u0119 za jedynych jej spadkobierc\u00f3w, dbaj\u0105c nie o to, by zbudowana przez Jagiellon\u00f3w wsp\u00f3lnota \u017cy\u0142a, ale o to, \u017ceby pozosta\u0142a w grobie, pod warunkiem, \u017ce to tylko oni b\u0119d\u0105 nosili rocznicowe znicze na jej mogi\u0142\u0119&#8230;<br><br>Geneza obu grup jest podobna.<br><br>W najlepszym dla nich wariancie, s\u0105 skutkiem b\u0142\u0119du w polskiej o\u015bwiacie; nie przeczytali odpowiednich lektur i nie nauczyli si\u0119 na pami\u0119\u0107 odpowiednich wierszy, nie przerobili te\u017c materia\u0142u ojczystej historii (a mo\u017ce to wszystko okaza\u0142o si\u0119 dla nich zbyt trudne). Realnie s\u0105 szanowanymi przeze mnie wsp\u00f3\u0142obywatelami, ale nie wsp\u00f3\u0142rodakami.<br>Na szcz\u0119\u015bcie nie jest ich zbyt wielu&#8230;<br><\/p>\n\n\n\n<p class=\"has-drop-cap\"> Wsp\u00f3\u0142czesne wydarzenia, jak fala tsunami, porywaj\u0105 tak\u017ce wi\u0119kszo\u015b\u0107 tych, kt\u00f3rzy jeszcze p\u00f3\u0142 roku temu byli sympatykami takiego my\u015blenia. I oby tak dalej. B\u0119dzie to niewielkie, nasze polskie, partykularne dobro, wynikaj\u0105ce z ukrai\u0144skiego nieszcz\u0119\u015bcia.<\/p>\n","protected":false},"excerpt":{"rendered":"<p>Si\u0142a polskiego poparcia dla Ukrainy wynika (&#8230;) z naszego stosunku do Rosji i Rosjan (&#8230;). W g\u0142\u0119bokim sensie tego s\u0142owa Polacy s\u0105 \u201enie-Rosjanami\u201d. Mimo powszechno\u015bci krytyki tego, co robi wsp\u00f3\u0142czesna Rosja, co prawda niekiedy (w bezpo\u015bredniej dyskusji, czy pod postem) w naszym polskim \u015brodowisku, pojawia si\u0119 g\u0142os dysonansu. Jaka\u015b obrona Rosji, jakie\u015b w\u0105tpliwo\u015bci. Brzmi to &hellip; <\/p>\n<p class=\"link-more\"><a href=\"https:\/\/czyzewski.blog\/index.php\/2022\/03\/20\/przeciw-koalicji-agentow-pozytecznych-idiotow-oraz-ludzi-z-niepelna-formacja-kulturowa\/\" class=\"more-link\">Czytaj dalej<span class=\"screen-reader-text\"> \u201ePrzeciw koalicji agent\u00f3w, po\u017cytecznych idiot\u00f3w, oraz ludzi z niepe\u0142n\u0105 formacj\u0105 kulturow\u0105\u201d<\/span><\/a><\/p>\n","protected":false},"author":1,"featured_media":0,"comment_status":"open","ping_status":"open","sticky":true,"template":"","format":"standard","meta":{"footnotes":""},"categories":[15],"tags":[13,9,14,10,11,12],"class_list":["post-239","post","type-post","status-publish","format-standard","hentry","category-polska","tag-narod","tag-polska","tag-polskosc","tag-rosja","tag-tozsamosc","tag-tozsamosc-narodowa"],"_links":{"self":[{"href":"https:\/\/czyzewski.blog\/index.php\/wp-json\/wp\/v2\/posts\/239","targetHints":{"allow":["GET"]}}],"collection":[{"href":"https:\/\/czyzewski.blog\/index.php\/wp-json\/wp\/v2\/posts"}],"about":[{"href":"https:\/\/czyzewski.blog\/index.php\/wp-json\/wp\/v2\/types\/post"}],"author":[{"embeddable":true,"href":"https:\/\/czyzewski.blog\/index.php\/wp-json\/wp\/v2\/users\/1"}],"replies":[{"embeddable":true,"href":"https:\/\/czyzewski.blog\/index.php\/wp-json\/wp\/v2\/comments?post=239"}],"version-history":[{"count":17,"href":"https:\/\/czyzewski.blog\/index.php\/wp-json\/wp\/v2\/posts\/239\/revisions"}],"predecessor-version":[{"id":329,"href":"https:\/\/czyzewski.blog\/index.php\/wp-json\/wp\/v2\/posts\/239\/revisions\/329"}],"wp:attachment":[{"href":"https:\/\/czyzewski.blog\/index.php\/wp-json\/wp\/v2\/media?parent=239"}],"wp:term":[{"taxonomy":"category","embeddable":true,"href":"https:\/\/czyzewski.blog\/index.php\/wp-json\/wp\/v2\/categories?post=239"},{"taxonomy":"post_tag","embeddable":true,"href":"https:\/\/czyzewski.blog\/index.php\/wp-json\/wp\/v2\/tags?post=239"}],"curies":[{"name":"wp","href":"https:\/\/api.w.org\/{rel}","templated":true}]}}